{"id":2612,"date":"2023-10-13T16:51:10","date_gmt":"2023-10-13T08:51:10","guid":{"rendered":"https:\/\/recyclingmachines.org\/?p=2612"},"modified":"2023-10-16T08:40:50","modified_gmt":"2023-10-16T00:40:50","slug":"choose-right-plastic-recycling-line-capacity","status":"publish","type":"post","link":"https:\/\/recyclingmachines.org\/tr\/choose-right-plastic-recycling-line-capacity\/","title":{"rendered":"Do\u011fru Plastik Geri D\u00f6n\u00fc\u015f\u00fcm Hatt\u0131 Kapasitesi Nas\u0131l Se\u00e7ilir?"},"content":{"rendered":"<p>Bir plastik geri d\u00f6n\u00fc\u015f\u00fcm i\u015fine ba\u015flamadan \u00f6nce do\u011fru plastik geri d\u00f6n\u00fc\u015f\u00fcm hatt\u0131 kapasitesinin se\u00e7ilmesi kritik \u00f6neme sahiptir. Peki plastik peletleme hatt\u0131n\u0131 se\u00e7erken hangi fakt\u00f6rleri g\u00f6z \u00f6n\u00fcnde bulundurmal\u0131s\u0131n\u0131z? Hadi bir bakal\u0131m.<\/p>    <h2 class=\"wp-block-heading\">Hammadde miktar\u0131<\/h2>    <p class=\"translation-block\">\u00d6ncelikle, elinizde tam olarak ne kadar ham madde oldu\u011funu bilmek \u00f6nemlidir. G\u00fcnl\u00fck veya ayl\u0131k bazda i\u015fledi\u011finiz geri d\u00f6n\u00fc\u015f\u00fcm malzemesi miktar\u0131na g\u00f6re, uygun kapasitede bir <a href=\"https:\/\/recyclingmachines.org\/tr\/pet-bottle-washing-line\/\" data-type=\"post\" data-id=\"2111\" target=\"_blank\" rel=\"noreferrer noopener\">plastik geri d\u00f6n\u00fc\u015f\u00fcm hatt\u0131<\/a> se\u00e7in. Plastik film y\u0131kama hatt\u0131n\u0131z\u0131n kapasitesinin g\u00fcnl\u00fck \u00fcretim ihtiya\u00e7lar\u0131n\u0131z\u0131 kar\u015f\u0131layacak kadar yeterli oldu\u011fundan emin olun, ancak a\u015f\u0131r\u0131 kapasiteye ve kaynak israf\u0131na yol a\u00e7mad\u0131\u011f\u0131ndan da emin olun. Shuliy'de se\u00e7ebilece\u011finiz 200kg\/saat'ten 2000kg\/saat'e kadar kapasiteli plastik gran\u00fcl hatlar\u0131 bulunmaktad\u0131r. Ba\u015fka bir kapasiteye ihtiyac\u0131n\u0131z olursa, sizin i\u00e7in \u00f6zelle\u015ftirebiliriz.<\/p>   <div class=\"wp-block-image\"> <figure class=\"aligncenter size-full\"><img loading=\"lazy\" decoding=\"async\" width=\"720\" height=\"540\" src=\"https:\/\/recyclingmachines.org\/wp-content\/uploads\/2023\/09\/woven-bag-recycling.webp\" alt=\"dokuma \u00e7anta geri d\u00f6n\u00fc\u015f\u00fcm\u00fc\" class=\"wp-image-2236\" srcset=\"https:\/\/recyclingmachines.org\/wp-content\/uploads\/2023\/09\/woven-bag-recycling.webp 720w, https:\/\/recyclingmachines.org\/wp-content\/uploads\/2023\/09\/woven-bag-recycling-360x270.webp 360w, https:\/\/recyclingmachines.org\/wp-content\/uploads\/2023\/09\/woven-bag-recycling-240x180.webp 240w\" sizes=\"auto, (max-width: 720px) 100vw, 720px\" \/><figcaption class=\"wp-element-caption\">at\u0131k plastik po\u015fetler<\/figcaption><\/figure> <\/div>   <h2 class=\"wp-block-heading\">Fabrika b\u00fcy\u00fckl\u00fc\u011f\u00fc ve d\u00fczeni<\/h2>    <p class=\"translation-block\">Sonra, \u00fcretim s\u00fcrecinin sorunsuz i\u015flemesini sa\u011flamak i\u00e7in plastik geri d\u00f6n\u00fc\u015f\u00fcm hatt\u0131 ekipmanlar\u0131n\u0131n makul bir \u015fekilde yerle\u015ftirilebilmesini sa\u011flamak amac\u0131yla fabrika alan\u0131n\u0131 a\u00e7\u0131k\u00e7a de\u011ferlendirmeniz gerekir. \u0130kinci olarak, ham madde giri\u015fi, i\u015fleme ve depolamay\u0131 g\u00f6z \u00f6n\u00fcnde bulundurarak <a href=\"https:\/\/recyclingmachines.org\/tr\/pvc-ps-pe-plastic-flake-pelletizing-line\/\" target=\"_blank\" data-type=\"post\" data-id=\"2514\" rel=\"noreferrer noopener\">plastik gran\u00fcl hatt\u0131n\u0131n<\/a> yerle\u015fimini rasyonelle\u015ftirin. Bu, \u00fcretim verimlili\u011fini en \u00fcst d\u00fczeye \u00e7\u0131karabilir. Shuliy, fabrikan\u0131z\u0131n boyutuna uyacak \u015fekilde plastik geri d\u00f6n\u00fc\u015f\u00fcm hatt\u0131n\u0131 \u00f6zelle\u015ftirebilir. Nas\u0131l se\u00e7ece\u011finizi bilmiyorsan\u0131z, web sitesine bir mesaj b\u0131rakabilirsiniz, size yard\u0131mc\u0131 olaca\u011f\u0131z.<\/p>   <div class=\"wp-block-image\"> <figure class=\"aligncenter size-full\"><img loading=\"lazy\" decoding=\"async\" width=\"720\" height=\"540\" src=\"https:\/\/recyclingmachines.org\/wp-content\/uploads\/2023\/09\/plastic-washing-line.webp\" alt=\"plastik film \u00e7ama\u015f\u0131r ipi\" class=\"wp-image-2191\" srcset=\"https:\/\/recyclingmachines.org\/wp-content\/uploads\/2023\/09\/plastic-washing-line.webp 720w, https:\/\/recyclingmachines.org\/wp-content\/uploads\/2023\/09\/plastic-washing-line-360x270.webp 360w, https:\/\/recyclingmachines.org\/wp-content\/uploads\/2023\/09\/plastic-washing-line-240x180.webp 240w\" sizes=\"auto, (max-width: 720px) 100vw, 720px\" \/><figcaption class=\"wp-element-caption\">plastik film \u00e7ama\u015f\u0131r ipi<\/figcaption><\/figure> <\/div>   <h2 class=\"wp-block-heading\">B\u00fct\u00e7e ve gelecek planlamas\u0131<\/h2>    <p class=\"translation-block\">Son olarak, b\u00fct\u00e7e aral\u0131\u011f\u0131n\u0131za ba\u011fl\u0131 olarak, mali yeteneklerinizi kar\u015f\u0131layan bir plastik geri d\u00f6n\u00fc\u015f\u00fcm hatt\u0131 kapasitesi se\u00e7in. Ayr\u0131ca, <a href=\"https:\/\/recyclingmachines.org\/tr\/pp-pe-ldpe-waste-film-recycling-line\/\" data-type=\"post\" data-id=\"2445\" target=\"_blank\" rel=\"noreferrer noopener\">plastik film y\u0131kama hatt\u0131n\u0131n<\/a> kalitesini ve dayan\u0131kl\u0131l\u0131\u011f\u0131n\u0131, istikrarl\u0131 uzun vadeli operasyon sa\u011flamak i\u00e7in g\u00f6z \u00f6n\u00fcnde bulundurmak \u00f6nemlidir. Kapasite se\u00e7erken, i\u015fletmenizin gelecekteki b\u00fcy\u00fcmesini g\u00f6z \u00f6n\u00fcnde bulundurun. \u0130\u015fletmeniz geni\u015fledi\u011finde ekipman\u0131n\u0131z\u0131 b\u00fcy\u00fck \u00f6l\u00e7\u00fcde y\u00fckseltmenize gerek kalmayacak \u015fekilde geni\u015fleme i\u00e7in bir alan b\u0131rak\u0131n.<\/p>    <figure class=\"wp-block-gallery aligncenter has-nested-images columns-default is-cropped wp-block-gallery-2 is-layout-flex wp-block-gallery-is-layout-flex\"> <figure class=\"wp-block-image size-full\"><img loading=\"lazy\" decoding=\"async\" width=\"720\" height=\"540\" data-id=\"2465\" src=\"https:\/\/recyclingmachines.org\/wp-content\/uploads\/2023\/10\/waste-film-recycling-line.webp\" alt=\"\" class=\"wp-image-2465\" srcset=\"https:\/\/recyclingmachines.org\/wp-content\/uploads\/2023\/10\/waste-film-recycling-line.webp 720w, https:\/\/recyclingmachines.org\/wp-content\/uploads\/2023\/10\/waste-film-recycling-line-360x270.webp 360w, https:\/\/recyclingmachines.org\/wp-content\/uploads\/2023\/10\/waste-film-recycling-line-240x180.webp 240w\" sizes=\"auto, (max-width: 720px) 100vw, 720px\" \/><\/figure>    <figure class=\"wp-block-image size-full\"><img loading=\"lazy\" decoding=\"async\" width=\"720\" height=\"540\" data-id=\"2460\" src=\"https:\/\/recyclingmachines.org\/wp-content\/uploads\/2023\/10\/PE-PP-film-washing-line.webp\" alt=\"\" class=\"wp-image-2460\" srcset=\"https:\/\/recyclingmachines.org\/wp-content\/uploads\/2023\/10\/PE-PP-film-washing-line.webp 720w, https:\/\/recyclingmachines.org\/wp-content\/uploads\/2023\/10\/PE-PP-film-washing-line-360x270.webp 360w, https:\/\/recyclingmachines.org\/wp-content\/uploads\/2023\/10\/PE-PP-film-washing-line-240x180.webp 240w\" sizes=\"auto, (max-width: 720px) 100vw, 720px\" \/><\/figure> <figcaption class=\"blocks-gallery-caption wp-element-caption\">plastik peletleme hatt\u0131<\/figcaption><\/figure>","protected":false},"excerpt":{"rendered":"<p>Bir plastik geri d\u00f6n\u00fc\u015f\u00fcm i\u015fine ba\u015flamadan \u00f6nce do\u011fru plastik geri d\u00f6n\u00fc\u015f\u00fcm hatt\u0131 kapasitesinin se\u00e7ilmesi kritik \u00f6neme sahiptir. Peki hangi fakt\u00f6rler\u2026<\/p>","protected":false},"author":1,"featured_media":2199,"comment_status":"open","ping_status":"open","sticky":false,"template":"","format":"standard","meta":{"_kad_blocks_custom_css":"","_kad_blocks_head_custom_js":"","_kad_blocks_body_custom_js":"","_kad_blocks_footer_custom_js":"","_kadence_starter_templates_imported_post":false,"_kad_post_transparent":"","_kad_post_title":"","_kad_post_layout":"","_kad_post_sidebar_id":"","_kad_post_content_style":"","_kad_post_vertical_padding":"","_kad_post_feature":"","_kad_post_feature_position":"","_kad_post_header":false,"_kad_post_footer":false,"_kad_post_classname":"","footnotes":""},"categories":[11],"tags":[],"class_list":["post-2612","post","type-post","status-publish","format-standard","has-post-thumbnail","hentry","category-news"],"taxonomy_info":{"category":[{"value":11,"label":"News"}]},"featured_image_src_large":["https:\/\/recyclingmachines.org\/wp-content\/uploads\/2023\/09\/waste-plastic-granulator-machine-1.webp",720,540,false],"author_info":{"display_name":"Elena","author_link":"https:\/\/recyclingmachines.org\/tr\/author\/adminangel\/"},"comment_info":0,"category_info":[{"term_id":11,"name":"News","slug":"news","term_group":0,"term_taxonomy_id":11,"taxonomy":"category","description":"","parent":0,"count":215,"filter":"raw","cat_ID":11,"category_count":215,"category_description":"","cat_name":"News","category_nicename":"news","category_parent":0}],"tag_info":false,"_links":{"self":[{"href":"https:\/\/recyclingmachines.org\/tr\/wp-json\/wp\/v2\/posts\/2612","targetHints":{"allow":["GET"]}}],"collection":[{"href":"https:\/\/recyclingmachines.org\/tr\/wp-json\/wp\/v2\/posts"}],"about":[{"href":"https:\/\/recyclingmachines.org\/tr\/wp-json\/wp\/v2\/types\/post"}],"author":[{"embeddable":true,"href":"https:\/\/recyclingmachines.org\/tr\/wp-json\/wp\/v2\/users\/1"}],"replies":[{"embeddable":true,"href":"https:\/\/recyclingmachines.org\/tr\/wp-json\/wp\/v2\/comments?post=2612"}],"version-history":[{"count":0,"href":"https:\/\/recyclingmachines.org\/tr\/wp-json\/wp\/v2\/posts\/2612\/revisions"}],"wp:featuredmedia":[{"embeddable":true,"href":"https:\/\/recyclingmachines.org\/tr\/wp-json\/wp\/v2\/media\/2199"}],"wp:attachment":[{"href":"https:\/\/recyclingmachines.org\/tr\/wp-json\/wp\/v2\/media?parent=2612"}],"wp:term":[{"taxonomy":"category","embeddable":true,"href":"https:\/\/recyclingmachines.org\/tr\/wp-json\/wp\/v2\/categories?post=2612"},{"taxonomy":"post_tag","embeddable":true,"href":"https:\/\/recyclingmachines.org\/tr\/wp-json\/wp\/v2\/tags?post=2612"}],"curies":[{"name":"wp","href":"https:\/\/api.w.org\/{rel}","templated":true}]}}